{"id":277,"date":"2022-03-15T22:34:34","date_gmt":"2022-03-15T22:34:34","guid":{"rendered":"http:\/\/www.lukostrelecka-akademia.sk\/?p=277"},"modified":"2022-07-06T06:07:32","modified_gmt":"2022-07-06T06:07:32","slug":"nabor-clenov-rocnik-2010-2011","status":"publish","type":"post","link":"https:\/\/www.lukostrelecka-akademia.sk\/index.php\/2022\/03\/15\/nabor-clenov-rocnik-2010-2011\/","title":{"rendered":"N\u00e1bor \u010dlenov &#8211; ro\u010dn\u00edk 2010, 2011"},"content":{"rendered":"\n<p class=\"has-text-align-left\">Ak sa V\u00e1m lukostre\u013eba p\u00e1\u010di a chcete si tento \u0161port vysk\u00fa\u0161a\u0165, nev\u00e1hajte a kontaktujte n\u00e1s. Najbli\u017e\u0161\u00ed n\u00e1bor organizujeme za\u010diatkom Septembra. Pre viac inform\u00e1ci\u00ed prejdite do sekcie <a href=\"https:\/\/www.lukostrelecka-akademia.sk\/index.php\/nabor-clenov\/\">N\u00e1bor \u010dlenov<\/a>.<\/p>\n\n\n\n<div class=\"wp-block-image\"><figure class=\"aligncenter size-large\"><a href=\"https:\/\/www.lukostrelecka-akademia.sk\/index.php\/nabor-clenov\/\" target=\"_blank\" rel=\"noopener noreferrer\"><img loading=\"lazy\" width=\"724\" height=\"1024\" src=\"http:\/\/www.lukostrelecka-akademia.sk\/wp-content\/uploads\/2022\/03\/Poster-X10-academy_novyUVLF-724x1024.jpg\" alt=\"\" class=\"wp-image-275\" srcset=\"https:\/\/www.lukostrelecka-akademia.sk\/wp-content\/uploads\/2022\/03\/Poster-X10-academy_novyUVLF-724x1024.jpg 724w, https:\/\/www.lukostrelecka-akademia.sk\/wp-content\/uploads\/2022\/03\/Poster-X10-academy_novyUVLF-212x300.jpg 212w, https:\/\/www.lukostrelecka-akademia.sk\/wp-content\/uploads\/2022\/03\/Poster-X10-academy_novyUVLF-768x1087.jpg 768w, https:\/\/www.lukostrelecka-akademia.sk\/wp-content\/uploads\/2022\/03\/Poster-X10-academy_novyUVLF.jpg 793w\" sizes=\"(max-width: 724px) 100vw, 724px\" \/><\/a><figcaption> <\/figcaption><\/figure><\/div>\n\n\n\n<p class=\"has-text-align-left\">Ak sa V\u00e1m lukostre\u013eba p\u00e1\u010di a chcete si tento \u0161port vysk\u00fa\u0161a\u0165, nev\u00e1hajte a kontaktujte n\u00e1s. Najbli\u017e\u0161\u00ed n\u00e1bor organizujeme za\u010diatkom septembra. Pre viac inform\u00e1ci\u00ed prejdite do sekcie <a href=\"https:\/\/www.lukostrelecka-akademia.sk\/index.php\/nabor-clenov\/\">N\u00e1bor \u010dlenov<\/a>.<\/p>\n","protected":false},"excerpt":{"rendered":"<p>Ak sa V\u00e1m lukostre\u013eba p\u00e1\u010di a chcete si tento \u0161port vysk\u00fa\u0161a\u0165, nev\u00e1hajte a kontaktujte n\u00e1s. Najbli\u017e\u0161\u00ed n\u00e1bor organizujeme za\u010diatkom Septembra. Pre viac inform\u00e1ci\u00ed prejdite do sekcie N\u00e1bor \u010dlenov. Ak sa V\u00e1m lukostre\u013eba p\u00e1\u010di a chcete &hellip;<\/p>\n","protected":false},"author":1,"featured_media":275,"comment_status":"closed","ping_status":"open","sticky":false,"template":"","format":"standard","meta":[],"categories":[1],"tags":[],"_links":{"self":[{"href":"https:\/\/www.lukostrelecka-akademia.sk\/index.php\/wp-json\/wp\/v2\/posts\/277"}],"collection":[{"href":"https:\/\/www.lukostrelecka-akademia.sk\/index.php\/wp-json\/wp\/v2\/posts"}],"about":[{"href":"https:\/\/www.lukostrelecka-akademia.sk\/index.php\/wp-json\/wp\/v2\/types\/post"}],"author":[{"embeddable":true,"href":"https:\/\/www.lukostrelecka-akademia.sk\/index.php\/wp-json\/wp\/v2\/users\/1"}],"replies":[{"embeddable":true,"href":"https:\/\/www.lukostrelecka-akademia.sk\/index.php\/wp-json\/wp\/v2\/comments?post=277"}],"version-history":[{"count":9,"href":"https:\/\/www.lukostrelecka-akademia.sk\/index.php\/wp-json\/wp\/v2\/posts\/277\/revisions"}],"predecessor-version":[{"id":400,"href":"https:\/\/www.lukostrelecka-akademia.sk\/index.php\/wp-json\/wp\/v2\/posts\/277\/revisions\/400"}],"wp:featuredmedia":[{"embeddable":true,"href":"https:\/\/www.lukostrelecka-akademia.sk\/index.php\/wp-json\/wp\/v2\/media\/275"}],"wp:attachment":[{"href":"https:\/\/www.lukostrelecka-akademia.sk\/index.php\/wp-json\/wp\/v2\/media?parent=277"}],"wp:term":[{"taxonomy":"category","embeddable":true,"href":"https:\/\/www.lukostrelecka-akademia.sk\/index.php\/wp-json\/wp\/v2\/categories?post=277"},{"taxonomy":"post_tag","embeddable":true,"href":"https:\/\/www.lukostrelecka-akademia.sk\/index.php\/wp-json\/wp\/v2\/tags?post=277"}],"curies":[{"name":"wp","href":"https:\/\/api.w.org\/{rel}","templated":true}]}}